{"id":648,"date":"2017-07-26T11:46:29","date_gmt":"2017-07-26T09:46:29","guid":{"rendered":"http:\/\/imbstudent.donau-uni.ac.at\/isabellgru\/?p=648"},"modified":"2018-12-19T12:07:47","modified_gmt":"2018-12-19T11:07:47","slug":"academic-writing-papers-and-presentations","status":"publish","type":"post","link":"https:\/\/www.isabellgru.eu\/index.php\/2017\/07\/26\/academic-writing-papers-and-presentations\/","title":{"rendered":"Academic writing, papers and presentations"},"content":{"rendered":"<p>This is a list of all my publications, conference papers and presentation I held since I started to work at Danube University Krems.<\/p>\n<h1>2018<\/h1>\n<h2>Publications<\/h2>\n<p>Grundschober, I., &amp; Baumgartner, P. (2018).<a href=\"http:\/\/isabellgru.eu\/index.php\/2018\/06\/14\/is-tacit-knowledge-communicable-published\/\"> Is Tacit Knowledge Communicable?<\/a> In <em>Learning Scenarios for Social and Cultural Change\u202f: \u00abBildung\u00bb through Academic Teaching<\/em> (pp. 45\u201357). London, New York: Peter Lang Publishing.<\/p>\n<p>Grundschober, I., Baumgartner, P., Gruber-M\u00fccke, T., &amp; Ghoneim, A. (2018). A Pattern Language Remix for ATS2020. Using Existing Pedagogical Patterns to Create a New Language for Formative Assessment within the ATS2020 Learning Model. In R. Sickinger, P. Baumgartner, &amp; T. Gruber-M\u00fccke (Hrsg.),<a href=\"https:\/\/www.purplsoc.org\/the-books\/\"> <em>Pursuit of Pattern Languages for Societal Change. A comprehensive perspective of current pattern research and practice<\/em><\/a> (S. 288\u2013317). Krems: tredition.<\/p>\n<h2>Workshops &amp; Presentations<\/h2>\n<p>ApprEnt Workshop: MentorInnen-Training f\u00fcr das (duale) Studium, at Danube-University Krems on 12th of December 2018, <a href=\"http:\/\/isabellgru.eu\/index.php\/2018\/12\/18\/was-ist-die-rolle-von-mentorinnen-im-dualen-studium\/\">Blogpost<\/a> about the workshop<\/p>\n<p>VINCE Workshop: F\u00f6rderung des Hochschulzugangs f\u00fcr Gefl\u00fcchtete und MigrantInnen, at Danube-University Krems on 20th of November 2018. <a href=\"https:\/\/www.donau-uni.ac.at\/de\/department\/imb\/news\/id\/27347\/index.php\">IMB-News about the workshop<\/a>, <a href=\"http:\/\/isabellgru.eu\/index.php\/2018\/11\/23\/probleme-und-losungen-im-hochschulzugang-fur-gefluchtete\/\">Blogpost<\/a> und information on\u00a0<a href=\"https:\/\/vince.eucen.eu\/vince-training\/\">VINCE-platform<\/a>.<\/p>\n<p>Poster-Session. Grundschober, I, Fallmann, I., Geyer-Hayden, B. (2018): Informell und formal Lernen in CoPs. Graz: FH Joanneum, 17. eLearning Tag on September 13 2018. <a href=\"https:\/\/cdn.fh-joanneum.at\/media\/sites\/1\/2018\/04\/ProgrammELT18-August18.pdf\">Conference programme<\/a>\u00a0and <a href=\"http:\/\/isabellgru.eu\/index.php\/2018\/09\/12\/communities-of-practice-im-online-distance-learning\/\">Blogpost<\/a>.<\/p>\n<p>Webinar. &#8220;Duales Studium in \u00d6sterreich&#8221; with Robert Frasch for the EU-Project ApprEnt on June 18th 2018. <a href=\"http:\/\/www.isabellgru.eu\/index.php\/2018\/06\/01\/learning-workshop-duales-studium\/\">Blogpost<\/a> and <a href=\"https:\/\/www.youtube.com\/watch?v=bBFWyWxsLis\">Recording on Youtube<\/a> available.<\/p>\n<p>&#8220;<a href=\"http:\/\/isabellgru.eu\/index.php\/2018\/06\/12\/vpet18-building-bridges-between-labour-market-and-higher-education\/\">ApprEnt &#8211; Refining Higher Education Apprenticeships with Enterprises in Europe. Using the ePortfolio Approach to Support Collaboration and Learning<\/a>&#8220;, workshop at the 3rd International Congress on Vocational and Professional Education and Training <a href=\"http:\/\/www.vpet-congress.ch\/\">VPET18<\/a> &#8211; 8th of June 2018<\/p>\n<p>eLecture <a href=\"http:\/\/isabellgru.eu\/index.php\/2018\/04\/25\/digiph-electure-dual-studieren-digital-theorie-und-praxis-verbinden-durch-digitale-werkzeuge\/\">&#8220;Dual studieren \u2013 digital. Theorie und Praxis verbinden durch digitale Werkzeuge&#8221;<\/a> during DigiPH Online Conference on 23rd of April 2018.<\/p>\n<p>Presentation <a href=\"http:\/\/isabellgru.eu\/index.php\/2018\/04\/05\/paedagogische-muster-fuer-formatives-feedback-mein-edudays-vortrag\/\">&#8220;Formatives Feedback im Unterricht &#8211; P\u00e4dagogische Mustern nutzen&#8221;<\/a> at Edudays 2018 at Danube University Krems, 4th of April 2018.<\/p>\n<p>Presentation <a href=\"http:\/\/isabellgru.eu\/index.php\/2018\/04\/19\/integration-of-refugees-the-role-of-higher-education\/\">&#8220;VINCE &#8211; Validation for Inclusion of New Citizens of Europe&#8221;<\/a> at inHERE ErasmusPlus staff training week \u201cIntegration of Refugees: the Role of Higher Education\u201d at Sapziena University, 19th of April<\/p>\n<p>Presentation about\u00a0<a href=\"http:\/\/isabellgru.eu\/index.php\/2018\/03\/22\/validierung-von-frueherem-lernen-2-europaeische-good-practice-beispiele-im-vince-projekt\/\">VINCE project and good practice examples &#8220;<\/a><a title=\"Validierung von fr\u00fcherem Lernen: 2 Good Practice Beispiele\" href=\"http:\/\/www.isabellgru.eu\/index.php\/2018\/03\/22\/validierung-von-frueherem-lernen-2-europaeische-good-practice-beispiele-im-vince-projekt\/\" rel=\"bookmark\">Validierung von fr\u00fcherem Lernen: 2 Good Practice Beispiele<\/a>&#8221;\u00a0at Bologna Tag 2018 at FH Burgendland, Eisenstadt &#8211; 22nd of March 2018<\/p>\n<p>Poster-presentation\u00a0<a href=\"http:\/\/isabellgru.eu\/index.php\/2018\/02\/06\/ats2020-final-conference-in-brussels\/\">\u201c<strong>A Pattern Collection for Formative Feedback and Assessment<\/strong>\u201d<\/a>\u00a0at the ATS2020 final conference in Brussels, 2nd of February 2018<\/p>\n<h2>Lecturing<\/h2>\n<p>Module <a href=\"https:\/\/seleprojekt.at\/was-ist-sele\/der-lehrgang\/\">&#8220;Bildungstechnologie und Didaktik&#8221;<\/a> (Educational Technology and Didactics) for the short cycle university programme &#8220;Digital Publishing in Education&#8221;. Together with Andrea Ghoneim, I was responsible for the course design, implementation and assessment. The module design based on blended learning and the module started on the 5th of September and ended on the 29th of November. The Module comprised 3ECTS. &#8220;Digital Publishin in Education&#8221; is part of the <a href=\"https:\/\/seleprojekt.at\/\">SeLe-project<\/a>, a nationally funded project for further education of school book publishers.<\/p>\n<h1>2017<\/h1>\n<h2>Presentations<\/h2>\n<p>21st of June, 2017 at the conference &#8220;IMAGINE17 &#8211; die Konferenz f\u00fcr die IKT-Community \u00d6sterreichs Presentation&#8221;, presentation title: &#8220;<a href=\"http:\/\/imbstudent.donau-uni.ac.at\/isabellgru\/index.php\/2017\/06\/21\/imagine17\/\">Lernen und Lehren im 21. Jahrhundert. F\u00f6rderung von f\u00e4cher\u00fcbergreifenden F\u00e4higkeiten am Beispiel von ATS2020<\/a>&#8221;<\/p>\n<p>Grundschober, I. und Rauter, W. (2017): &#8220;COP Workshop: How to Choose Digital Tools&#8221; beim COP on Learning Methodologies and Technologies for a Better Trade Union Education, 20.9.2017, AK Bildungszentrum Wien.\u00a0<span style=\"color: #000000;\"><span style=\"font-style: normal; font-variant: normal; font-weight: normal; font-stretch: normal; font-size: 10pt; line-height: normal; font-family: 'Segoe UI';\">Folien<\/span><span style=\"font-style: normal; font-variant: normal; font-weight: normal; font-stretch: normal; font-size: 10pt; line-height: normal; font-family: 'Segoe UI';\">:<\/span><\/span> <span style=\"text-decoration: underline; color: #ff0000; font: 10pt Segoe UI;\"><a href=\"http:\/\/prezi.com\/1vu50kssco0j\/?utm_campaign=share&amp;utm_medium=copy\">http:\/\/prezi.com\/1vu50kssco0j\/?utm_campaign=share&amp;utm_medium=copy<\/a><\/span><\/p>\n<p>Ghoneim, A. und Grundschober, I., Gruber-M\u00fccke, T. (2017): Lernziele mitbestimmen, dokumentieren und Zielerreichung evaluierungen. E-Portfolio-Arbeit im Projekt ATS2020. bei den EduDays am 6.4.2017, Krems. Folien hier: <a href=\"http:\/\/mahara.ats2020.eu\/view\/view.php?id=11497\">http:\/\/mahara.ats2020.eu\/view\/view.php?id=11497<\/a><\/p>\n<p>Grundschober, I., Ghoneim, A., Gruber-M\u00fccke, T., Baumgartner, P. (2017): A Pattern Language Remix for ATS2020. Using Existing Pedagogical Patterns to Create a New Language for Formative Assessment within the ATS2020 Learning Model, 19.10.2017, PURPLSOC Conference at Danube University Krems. Slides and reflection in <a href=\"http:\/\/imbstudent.donau-uni.ac.at\/isabellgru\/index.php\/2017\/10\/20\/patterns-for-formative-assessment-patterns-for-ats2020\/\">my Blogpost<\/a>.<\/p>\n<h2>Papers<\/h2>\n<p>Ghoneim, Andrea; Gruber-M\u00fccke, Tina; Grundschober, Isabell (2017). Lernziele mitbestimmen, dokumentieren und die Zielerreichung evaluieren. E-Portfolio-Arbeit im Projekt ATS2020 (Assessment of Transversal Skills). Gr\u00fcnberger, Nina; Himpsl-Gutermann, Klaus; Szucsich, Petra; Brandhofer, Gerhard; Huditz, Edmund; Steiner, Michael (Hrsg.) (2017). Schule neu denken und medial gestalten. S. 282-298. Gl\u00fcckstadt: vwh-Verlag. Download here: <a href=\"http:\/\/www.gestalte.schule\/doc\/22\">http:\/\/www.gestalte.schule\/doc\/22<\/a><\/p>\n<p>&nbsp;<\/p>\n<h1>2016<\/h1>\n<p>Alam, H. S., &amp; Grundschober, I. (2016). The Implementation of Inclusive, Equity, and Quality Education through Higher Education Institutions (HEIs) Collaboration: A Case Study of the Valeru Project. 19th UNESCO-APEID International Conference 2016: In Pursuit of Quality Education: The Past, Present and Future. (26-28 Oct 2016) Retrieved November 3, 2016 from <a href=\"http:\/\/www.unescobkk.org\/fileadmin\/user_upload\/apeid\/Conference\/18th_Conf2016\/Papers\/3.C.3-Paper-Helmy_Isabell.pdf\">http:\/\/www.unescobkk.org\/fileadmin\/user_upload\/apeid\/Conference\/18th_Conf2016\/Papers\/3.C.3-Paper-Helmy_Isabell.pdf<\/a><\/p>\n<ul>\n<li>\u00a0Submitted for 19<sup>th<\/sup> UNESCO-APEID International Conference 2016: In Pursuit of Quality Education: The Past, Present and Future. (26-28 Oct 2016) \u2013 presented by Helmy in Bangkok.<\/li>\n<\/ul>\n<p>Grundschober, I., Baumgartner, P., Gruber-M\u00fccke, T., &amp; Sickinger, R. (2016). A Pattern Language for Tacit Knowledge. Retrieved November 3, 2016, from\u00a0<a href=\"https:\/\/drive.google.com\/drive\/folders\/0B4I8ECUAe5tNRkhJVm11NUJtWGc\">https:\/\/drive.google.com\/drive\/folders\/0B4I8ECUAe5tNRkhJVm11NUJtWGc\u00a0<\/a><\/p>\n<p>Baumgartner, P., Gruber-M\u00fccke, T., Grundschober, I., Sickinger, R. und Bergner, I. (2016). Pattern for feedback-oriented learning in technology supported environments. Retrieved November 3, 2016, from\u00a0<a href=\"https:\/\/drive.google.com\/drive\/folders\/0B4I8ECUAe5tNRkhJVm11NUJtWGc\">https:\/\/drive.google.com\/drive\/folders\/0B4I8ECUAe5tNRkhJVm11NUJtWGc<\/a><\/p>\n<p>Gruber-M\u00fccke, T., Baumgartner, P., Grundschober, I., Sickinger, R. (2016). Pattern Design for Educational Live Active Role Playing. Retrieved November 3, 2016, from\u00a0<a href=\"https:\/\/drive.google.com\/drive\/folders\/0B4I8ECUAe5tNRkhJVm11NUJtWGc\">https:\/\/drive.google.com\/drive\/folders\/0B4I8ECUAe5tNRkhJVm11NUJtWGc<\/a><\/p>\n<p>Sickinger, R. Baumgartner, P., Gruber-M\u00fccke, T., Grundschober, I., (2016). Building Coherence. An analysis of the quality of coherence created by the pattern language process. Retrieved November 3, 2016, from\u00a0<a href=\"https:\/\/drive.google.com\/drive\/folders\/0B4I8ECUAe5tNRkhJVm11NUJtWGc\">https:\/\/drive.google.com\/drive\/folders\/0B4I8ECUAe5tNRkhJVm11NUJtWGc<\/a><\/p>\n<h2>Presentations<\/h2>\n<p>Grundschober, I., Baumgartner, P., Gruber-M\u00fccke, T., &amp; Sickinger, R. (2016). A Pattern Language for Tacit Knowledge. Retrieved November 3, 2016, from <a href=\"https:\/\/drive.google.com\/drive\/folders\/0B4I8ECUAe5tNRkhJVm11NUJtWGc\">https:\/\/drive.google.com\/drive\/folders\/0B4I8ECUAe5tNRkhJVm11NUJtWGc<\/a><\/p>\n<ul>\n<li>Presented at PUARL 2016: The Regenerative City, 29<sup>th<\/sup> of October 2016, San Francisco, via web-conferencing\u00a0 tool zoom.us, Vortragsart: Paper-presentation. <a href=\"https:\/\/prezi.com\/z4epzinqezg3\/a-pattern-language-for-tacit-knowledge\/\">Slides<\/a><\/li>\n<\/ul>\n<p>Ghoneim, A., Grundschober, I. (2016): Muster von Bewertung, Evaluierung und Feedback in lernerInnenzentrierten Lernr\u00e4umen am Beispiel der E-Portfolio-Nutzung f\u00fcr das Projekt ATS2020. At: eLearning Experts Conference 2016 (Oct 19-20, 2016), Eisenstadt \u2013 Vortragsart: Pecha-Kucha<\/p>\n<p>Baumgartner,P., Grundschober, I. (2016): Is tacit knowledge communicable? At: Education is Relation not Output? Scenes of Knowledge and Knowledge Acquisition. 17<sup>th<\/sup>-19<sup>th<\/sup> of May 2016, V\u00e4xj\u00f6, Linnaeus University. Vortragsart: Presentation of working-paper<\/p>\n","protected":false},"excerpt":{"rendered":"<p>This is a list of all my publications, conference papers and presentation I held since I started to work at Danube University Krems. 2018 Publications Grundschober, I., &amp; Baumgartner, P. (2018). Is Tacit Knowledge&#46;&#46;&#46;<\/p>\n","protected":false},"author":3,"featured_media":444,"comment_status":"open","ping_status":"open","sticky":false,"template":"","format":"standard","meta":{"jetpack_post_was_ever_published":false,"_jetpack_newsletter_access":"","_jetpack_dont_email_post_to_subs":true,"_jetpack_newsletter_tier_id":0,"footnotes":"","jetpack_publicize_message":"","jetpack_publicize_feature_enabled":true,"jetpack_social_post_already_shared":true,"jetpack_social_options":{"image_generator_settings":{"template":"highway","enabled":false}}},"categories":[54,53,59],"tags":[],"class_list":["post-648","post","type-post","status-publish","format-standard","has-post-thumbnail","hentry","category-about-me","category-conferences","category-english"],"jetpack_publicize_connections":[],"yoast_head":"<!-- This site is optimized with the Yoast SEO plugin v22.1 - https:\/\/yoast.com\/wordpress\/plugins\/seo\/ -->\n<title>Academic writing, papers and presentations - Isabell&#039;s EdTech Insights<\/title>\n<meta name=\"description\" content=\"This is a list of all my publications, conference papers and presentations.\" \/>\n<meta name=\"robots\" content=\"index, follow, max-snippet:-1, max-image-preview:large, max-video-preview:-1\" \/>\n<link rel=\"canonical\" href=\"https:\/\/www.isabellgru.eu\/index.php\/2017\/07\/26\/academic-writing-papers-and-presentations\/\" \/>\n<meta property=\"og:locale\" content=\"en_US\" \/>\n<meta property=\"og:type\" content=\"article\" \/>\n<meta property=\"og:title\" content=\"Academic writing, papers and presentations - Isabell&#039;s EdTech Insights\" \/>\n<meta property=\"og:description\" content=\"This is a list of all my publications, conference papers and presentations.\" \/>\n<meta property=\"og:url\" content=\"https:\/\/www.isabellgru.eu\/index.php\/2017\/07\/26\/academic-writing-papers-and-presentations\/\" \/>\n<meta property=\"og:site_name\" content=\"Isabell&#039;s EdTech Insights\" \/>\n<meta property=\"article:publisher\" content=\"https:\/\/www.facebook.com\/isabell.gru\" \/>\n<meta property=\"article:published_time\" content=\"2017-07-26T09:46:29+00:00\" \/>\n<meta property=\"article:modified_time\" content=\"2018-12-19T11:07:47+00:00\" \/>\n<meta property=\"og:image\" content=\"https:\/\/www.isabellgru.eu\/wp-content\/uploads\/2017\/03\/17176226_10212275291261698_1400157211_o.jpg\" \/>\n\t<meta property=\"og:image:width\" content=\"1050\" \/>\n\t<meta property=\"og:image:height\" content=\"1400\" \/>\n\t<meta property=\"og:image:type\" content=\"image\/jpeg\" \/>\n<meta name=\"author\" content=\"Isabell Grundschober\" \/>\n<meta name=\"twitter:card\" content=\"summary_large_image\" \/>\n<meta name=\"twitter:creator\" content=\"@isabellgru\" \/>\n<meta name=\"twitter:site\" content=\"@isabellgru\" \/>\n<meta name=\"twitter:label1\" content=\"Written by\" \/>\n\t<meta name=\"twitter:data1\" content=\"Isabell Grundschober\" \/>\n\t<meta name=\"twitter:label2\" content=\"Est. reading time\" \/>\n\t<meta name=\"twitter:data2\" content=\"5 minutes\" \/>\n<script type=\"application\/ld+json\" class=\"yoast-schema-graph\">{\"@context\":\"https:\/\/schema.org\",\"@graph\":[{\"@type\":\"WebPage\",\"@id\":\"https:\/\/www.isabellgru.eu\/index.php\/2017\/07\/26\/academic-writing-papers-and-presentations\/\",\"url\":\"https:\/\/www.isabellgru.eu\/index.php\/2017\/07\/26\/academic-writing-papers-and-presentations\/\",\"name\":\"Academic writing, papers and presentations - Isabell&#039;s EdTech Insights\",\"isPartOf\":{\"@id\":\"https:\/\/www.isabellgru.eu\/#website\"},\"datePublished\":\"2017-07-26T09:46:29+00:00\",\"dateModified\":\"2018-12-19T11:07:47+00:00\",\"author\":{\"@id\":\"https:\/\/www.isabellgru.eu\/#\/schema\/person\/eb9299ffaaad5ec06d3440532bee93b5\"},\"description\":\"This is a list of all my publications, conference papers and presentations.\",\"breadcrumb\":{\"@id\":\"https:\/\/www.isabellgru.eu\/index.php\/2017\/07\/26\/academic-writing-papers-and-presentations\/#breadcrumb\"},\"inLanguage\":\"en-US\",\"potentialAction\":[{\"@type\":\"ReadAction\",\"target\":[\"https:\/\/www.isabellgru.eu\/index.php\/2017\/07\/26\/academic-writing-papers-and-presentations\/\"]}]},{\"@type\":\"BreadcrumbList\",\"@id\":\"https:\/\/www.isabellgru.eu\/index.php\/2017\/07\/26\/academic-writing-papers-and-presentations\/#breadcrumb\",\"itemListElement\":[{\"@type\":\"ListItem\",\"position\":1,\"name\":\"Startseite\",\"item\":\"https:\/\/www.isabellgru.eu\/\"},{\"@type\":\"ListItem\",\"position\":2,\"name\":\"Academic writing, papers and presentations\"}]},{\"@type\":\"WebSite\",\"@id\":\"https:\/\/www.isabellgru.eu\/#website\",\"url\":\"https:\/\/www.isabellgru.eu\/\",\"name\":\"Isabell Goes Edu-Tech\",\"description\":\"Exploring AI and the Future of Education\",\"potentialAction\":[{\"@type\":\"SearchAction\",\"target\":{\"@type\":\"EntryPoint\",\"urlTemplate\":\"https:\/\/www.isabellgru.eu\/?s={search_term_string}\"},\"query-input\":\"required name=search_term_string\"}],\"inLanguage\":\"en-US\"},{\"@type\":\"Person\",\"@id\":\"https:\/\/www.isabellgru.eu\/#\/schema\/person\/eb9299ffaaad5ec06d3440532bee93b5\",\"name\":\"Isabell Grundschober\",\"image\":{\"@type\":\"ImageObject\",\"inLanguage\":\"en-US\",\"@id\":\"https:\/\/www.isabellgru.eu\/#\/schema\/person\/image\/\",\"url\":\"https:\/\/secure.gravatar.com\/avatar\/aabe5b13b2fb091ca38afa6e1a07a3419ebabe1f479556adf81ef39a375da8dd?s=96&d=mm&r=g\",\"contentUrl\":\"https:\/\/secure.gravatar.com\/avatar\/aabe5b13b2fb091ca38afa6e1a07a3419ebabe1f479556adf81ef39a375da8dd?s=96&d=mm&r=g\",\"caption\":\"Isabell Grundschober\"}}]}<\/script>\n<!-- \/ Yoast SEO plugin. -->","yoast_head_json":{"title":"Academic writing, papers and presentations - Isabell&#039;s EdTech Insights","description":"This is a list of all my publications, conference papers and presentations.","robots":{"index":"index","follow":"follow","max-snippet":"max-snippet:-1","max-image-preview":"max-image-preview:large","max-video-preview":"max-video-preview:-1"},"canonical":"https:\/\/www.isabellgru.eu\/index.php\/2017\/07\/26\/academic-writing-papers-and-presentations\/","og_locale":"en_US","og_type":"article","og_title":"Academic writing, papers and presentations - Isabell&#039;s EdTech Insights","og_description":"This is a list of all my publications, conference papers and presentations.","og_url":"https:\/\/www.isabellgru.eu\/index.php\/2017\/07\/26\/academic-writing-papers-and-presentations\/","og_site_name":"Isabell&#039;s EdTech Insights","article_publisher":"https:\/\/www.facebook.com\/isabell.gru","article_published_time":"2017-07-26T09:46:29+00:00","article_modified_time":"2018-12-19T11:07:47+00:00","og_image":[{"width":1050,"height":1400,"url":"https:\/\/www.isabellgru.eu\/wp-content\/uploads\/2017\/03\/17176226_10212275291261698_1400157211_o.jpg","type":"image\/jpeg"}],"author":"Isabell Grundschober","twitter_card":"summary_large_image","twitter_creator":"@isabellgru","twitter_site":"@isabellgru","twitter_misc":{"Written by":"Isabell Grundschober","Est. reading time":"5 minutes"},"schema":{"@context":"https:\/\/schema.org","@graph":[{"@type":"WebPage","@id":"https:\/\/www.isabellgru.eu\/index.php\/2017\/07\/26\/academic-writing-papers-and-presentations\/","url":"https:\/\/www.isabellgru.eu\/index.php\/2017\/07\/26\/academic-writing-papers-and-presentations\/","name":"Academic writing, papers and presentations - Isabell&#039;s EdTech Insights","isPartOf":{"@id":"https:\/\/www.isabellgru.eu\/#website"},"datePublished":"2017-07-26T09:46:29+00:00","dateModified":"2018-12-19T11:07:47+00:00","author":{"@id":"https:\/\/www.isabellgru.eu\/#\/schema\/person\/eb9299ffaaad5ec06d3440532bee93b5"},"description":"This is a list of all my publications, conference papers and presentations.","breadcrumb":{"@id":"https:\/\/www.isabellgru.eu\/index.php\/2017\/07\/26\/academic-writing-papers-and-presentations\/#breadcrumb"},"inLanguage":"en-US","potentialAction":[{"@type":"ReadAction","target":["https:\/\/www.isabellgru.eu\/index.php\/2017\/07\/26\/academic-writing-papers-and-presentations\/"]}]},{"@type":"BreadcrumbList","@id":"https:\/\/www.isabellgru.eu\/index.php\/2017\/07\/26\/academic-writing-papers-and-presentations\/#breadcrumb","itemListElement":[{"@type":"ListItem","position":1,"name":"Startseite","item":"https:\/\/www.isabellgru.eu\/"},{"@type":"ListItem","position":2,"name":"Academic writing, papers and presentations"}]},{"@type":"WebSite","@id":"https:\/\/www.isabellgru.eu\/#website","url":"https:\/\/www.isabellgru.eu\/","name":"Isabell Goes Edu-Tech","description":"Exploring AI and the Future of Education","potentialAction":[{"@type":"SearchAction","target":{"@type":"EntryPoint","urlTemplate":"https:\/\/www.isabellgru.eu\/?s={search_term_string}"},"query-input":"required name=search_term_string"}],"inLanguage":"en-US"},{"@type":"Person","@id":"https:\/\/www.isabellgru.eu\/#\/schema\/person\/eb9299ffaaad5ec06d3440532bee93b5","name":"Isabell Grundschober","image":{"@type":"ImageObject","inLanguage":"en-US","@id":"https:\/\/www.isabellgru.eu\/#\/schema\/person\/image\/","url":"https:\/\/secure.gravatar.com\/avatar\/aabe5b13b2fb091ca38afa6e1a07a3419ebabe1f479556adf81ef39a375da8dd?s=96&d=mm&r=g","contentUrl":"https:\/\/secure.gravatar.com\/avatar\/aabe5b13b2fb091ca38afa6e1a07a3419ebabe1f479556adf81ef39a375da8dd?s=96&d=mm&r=g","caption":"Isabell Grundschober"}}]}},"jetpack_featured_media_url":"https:\/\/www.isabellgru.eu\/wp-content\/uploads\/2017\/03\/17176226_10212275291261698_1400157211_o.jpg","jetpack_sharing_enabled":true,"jetpack_shortlink":"https:\/\/wp.me\/p7oFoB-as","jetpack-related-posts":[],"_links":{"self":[{"href":"https:\/\/www.isabellgru.eu\/index.php\/wp-json\/wp\/v2\/posts\/648","targetHints":{"allow":["GET"]}}],"collection":[{"href":"https:\/\/www.isabellgru.eu\/index.php\/wp-json\/wp\/v2\/posts"}],"about":[{"href":"https:\/\/www.isabellgru.eu\/index.php\/wp-json\/wp\/v2\/types\/post"}],"author":[{"embeddable":true,"href":"https:\/\/www.isabellgru.eu\/index.php\/wp-json\/wp\/v2\/users\/3"}],"replies":[{"embeddable":true,"href":"https:\/\/www.isabellgru.eu\/index.php\/wp-json\/wp\/v2\/comments?post=648"}],"version-history":[{"count":13,"href":"https:\/\/www.isabellgru.eu\/index.php\/wp-json\/wp\/v2\/posts\/648\/revisions"}],"predecessor-version":[{"id":1210,"href":"https:\/\/www.isabellgru.eu\/index.php\/wp-json\/wp\/v2\/posts\/648\/revisions\/1210"}],"wp:featuredmedia":[{"embeddable":true,"href":"https:\/\/www.isabellgru.eu\/index.php\/wp-json\/wp\/v2\/media\/444"}],"wp:attachment":[{"href":"https:\/\/www.isabellgru.eu\/index.php\/wp-json\/wp\/v2\/media?parent=648"}],"wp:term":[{"taxonomy":"category","embeddable":true,"href":"https:\/\/www.isabellgru.eu\/index.php\/wp-json\/wp\/v2\/categories?post=648"},{"taxonomy":"post_tag","embeddable":true,"href":"https:\/\/www.isabellgru.eu\/index.php\/wp-json\/wp\/v2\/tags?post=648"}],"curies":[{"name":"wp","href":"https:\/\/api.w.org\/{rel}","templated":true}]}}