{"id":702,"date":"2017-10-12T16:08:07","date_gmt":"2017-10-12T14:08:07","guid":{"rendered":"http:\/\/imbstudent.donau-uni.ac.at\/isabellgru\/?p=702"},"modified":"2024-04-24T17:53:09","modified_gmt":"2024-04-24T15:53:09","slug":"magnet-projekt-kick-off-entrepreneurship-bei-gefluechteten-foerdern","status":"publish","type":"post","link":"https:\/\/www.isabellgru.eu\/index.php\/2017\/10\/12\/magnet-projekt-kick-off-entrepreneurship-bei-gefluechteten-foerdern\/","title":{"rendered":"MAGNET Projekt Kick-Off: Entrepreneurship bei Gefl\u00fcchteten f\u00f6rdern"},"content":{"rendered":"<p>Am Mittwoch diese Woche war das Kick-Off eines neuen EU-Projekts. Titel: MAGNET &#8211; Migrant Acceleration for Growth Network for Entrepreneurship Training. Die Donau Universit\u00e4t Krems koordiniert das Projekt, federf\u00fchrend ist dabei das Department f\u00fcr Migration und Globalisierung. Wir vom Department f\u00fcr Interaktive Medien und Bildungstechnologien (IMB) sind auch mit von der Partie und unterst\u00fctzen in Sachen Plattformentwicklung, Bildungstechnologien und lernendenzentrierter Unterricht.<\/p>\n<h2>Unser Team<\/h2>\n<p>Das MAGNET Team am IMB besteht dabei aus Gregor Pirker (Techniker), Wolfgang Rauter (Research und Grafik\/Layout), Isabell Grundschober (Research) und Prof. Peter Baumgartner (Senior Researcher).<br \/>\nWir arbeiten dabei eng zusammen mit Anna Faustmann (Koordinatorin und Research) sowie Isabella Skrivanek (Research) vom Department f\u00fcr Migration.<\/p>\n<h2>Worum geht es in MAGNET?<\/h2>\n<div id=\"attachment_703\" style=\"width: 310px\" class=\"wp-caption alignright\"><a href=\"http:\/\/imbstudent.donau-uni.ac.at\/isabellgru\/index.php\/2017\/10\/12\/magnet-projekt-kick-off-entrepreneurship-bei-gefluechteten-foerdern\/stickies-2771786_960_720\/\" rel=\"attachment wp-att-703\"><img loading=\"lazy\" decoding=\"async\" aria-describedby=\"caption-attachment-703\" class=\"size-medium wp-image-703\" src=\"http:\/\/imbstudent.donau-uni.ac.at\/isabellgru\/wp-content\/uploads\/2017\/10\/stickies-2771786_960_720-300x200.jpg\" alt=\"Gefl\u00fcchtete im Unternehmertum unterst\u00fctzen\" width=\"300\" height=\"200\" srcset=\"https:\/\/www.isabellgru.eu\/wp-content\/uploads\/2017\/10\/stickies-2771786_960_720-300x200.jpg 300w, https:\/\/www.isabellgru.eu\/wp-content\/uploads\/2017\/10\/stickies-2771786_960_720-768x512.jpg 768w, https:\/\/www.isabellgru.eu\/wp-content\/uploads\/2017\/10\/stickies-2771786_960_720.jpg 960w\" sizes=\"auto, (max-width: 300px) 100vw, 300px\" \/><\/a><p id=\"caption-attachment-703\" class=\"wp-caption-text\">Gefl\u00fcchtete im Unternehmertum unterst\u00fctzen<\/p><\/div>\n<p>Bei Magnet sollen Gefl\u00fcchtete dabei unterst\u00fctzt werden, entrepreneurship-skills zu entwickeln. Dazu entwickeln wir ein train-the-trainer peer learning- Programm f\u00fcr Menschen und Organisationen, die Gefl\u00fcchtete bei der Unternehmensgr\u00fcndung- bzw. -f\u00fchrung unterst\u00fctzen. Dar\u00fcber hinaus soll ein Toolkit entwickelt, werden in dem Good-Practice-Beispiel gesammelt und analysiert werden. Wir vom IMB gestalten eine MAGNET-Plattform, die zum einen<\/p>\n<ul>\n<li>Relevante Informationen zum Projekt bietet<\/li>\n<li>\u00dcber einen internen MitarbeiterInnenbereich verf\u00fcgt<\/li>\n<li>Ein blended-learning system unterst\u00fctzt (unter anderem soll dabei ePortfolio eine Rolle spielen)<\/li>\n<\/ul>\n<p>Dar\u00fcber bringen wir uns im Bereich Disseminierung durch Social Media ein und auch beim Einsatz von Bildungstechnologie beim Training-Design.<\/p>\n<h2>N\u00e4chste Schritte<\/h2>\n<p>Die n\u00e4chsten Schritte sind nun, eine Softwareauswahl zu treffen f\u00fcr den internen MitarbeiterInnenbereich und die Projektplattform. Wir vom IMB freuen uns jedenfalls auf die Zusammenarbeit mit dem Department f\u00fcr Migration!<\/p>\n","protected":false},"excerpt":{"rendered":"<p>Am Mittwoch diese Woche war das Kick-Off eines neuen EU-Projekts. Titel: MAGNET &#8211; Migrant Acceleration for Growth Network for Entrepreneurship Training. Die Donau Universit\u00e4t Krems koordiniert das Projekt, federf\u00fchrend ist dabei das Department f\u00fcr&#46;&#46;&#46;<\/p>\n","protected":false},"author":3,"featured_media":703,"comment_status":"open","ping_status":"open","sticky":false,"template":"","format":"standard","meta":{"jetpack_post_was_ever_published":false,"_jetpack_newsletter_access":"","_jetpack_dont_email_post_to_subs":false,"_jetpack_newsletter_tier_id":0,"footnotes":"","jetpack_publicize_message":"","jetpack_publicize_feature_enabled":true,"jetpack_social_post_already_shared":true,"jetpack_social_options":{"image_generator_settings":{"template":"highway","enabled":false}}},"categories":[60,177,83],"tags":[16,136,134,87,135],"class_list":["post-702","post","type-post","status-publish","format-standard","has-post-thumbnail","hentry","category-german","category-magnet","category-projects","tag-eportfolio","tag-gefluechtete","tag-magnet","tag-projekte","tag-refugees"],"jetpack_publicize_connections":[],"yoast_head":"<!-- This site is optimized with the Yoast SEO plugin v22.1 - https:\/\/yoast.com\/wordpress\/plugins\/seo\/ -->\n<title>MAGNET Projekt Kick-Off: Entrepreneurship bei Gefl\u00fcchteten f\u00f6rdern - Isabell&#039;s EdTech Insights<\/title>\n<meta name=\"description\" content=\"Das EU-Projekt MAGNET ist gestartet - dabei geht es darum, wie Unternehmertum bei Gefl\u00fcchteten durch gezielte Schulungen von TrainerInnen zu f\u00f6rdern!\" \/>\n<meta name=\"robots\" content=\"index, follow, max-snippet:-1, max-image-preview:large, max-video-preview:-1\" \/>\n<link rel=\"canonical\" href=\"https:\/\/www.isabellgru.eu\/index.php\/2017\/10\/12\/magnet-projekt-kick-off-entrepreneurship-bei-gefluechteten-foerdern\/\" \/>\n<meta property=\"og:locale\" content=\"en_US\" \/>\n<meta property=\"og:type\" content=\"article\" \/>\n<meta property=\"og:title\" content=\"MAGNET Projekt Kick-Off: Entrepreneurship bei Gefl\u00fcchteten f\u00f6rdern - Isabell&#039;s EdTech Insights\" \/>\n<meta property=\"og:description\" content=\"Das EU-Projekt MAGNET ist gestartet - dabei geht es darum, wie Unternehmertum bei Gefl\u00fcchteten durch gezielte Schulungen von TrainerInnen zu f\u00f6rdern!\" \/>\n<meta property=\"og:url\" content=\"https:\/\/www.isabellgru.eu\/index.php\/2017\/10\/12\/magnet-projekt-kick-off-entrepreneurship-bei-gefluechteten-foerdern\/\" \/>\n<meta property=\"og:site_name\" content=\"Isabell&#039;s EdTech Insights\" \/>\n<meta property=\"article:publisher\" content=\"https:\/\/www.facebook.com\/isabell.gru\" \/>\n<meta property=\"article:published_time\" content=\"2017-10-12T14:08:07+00:00\" \/>\n<meta property=\"article:modified_time\" content=\"2024-04-24T15:53:09+00:00\" \/>\n<meta property=\"og:image\" content=\"http:\/\/www.isabellgru.eu\/wp-content\/uploads\/2017\/10\/stickies-2771786_960_720.jpg\" \/>\n\t<meta property=\"og:image:width\" content=\"960\" \/>\n\t<meta property=\"og:image:height\" content=\"640\" \/>\n\t<meta property=\"og:image:type\" content=\"image\/jpeg\" \/>\n<meta name=\"author\" content=\"Isabell Grundschober\" \/>\n<meta name=\"twitter:card\" content=\"summary_large_image\" \/>\n<meta name=\"twitter:creator\" content=\"@isabellgru\" \/>\n<meta name=\"twitter:site\" content=\"@isabellgru\" \/>\n<meta name=\"twitter:label1\" content=\"Written by\" \/>\n\t<meta name=\"twitter:data1\" content=\"Isabell Grundschober\" \/>\n\t<meta name=\"twitter:label2\" content=\"Est. reading time\" \/>\n\t<meta name=\"twitter:data2\" content=\"2 minutes\" \/>\n<script type=\"application\/ld+json\" class=\"yoast-schema-graph\">{\"@context\":\"https:\/\/schema.org\",\"@graph\":[{\"@type\":\"WebPage\",\"@id\":\"https:\/\/www.isabellgru.eu\/index.php\/2017\/10\/12\/magnet-projekt-kick-off-entrepreneurship-bei-gefluechteten-foerdern\/\",\"url\":\"https:\/\/www.isabellgru.eu\/index.php\/2017\/10\/12\/magnet-projekt-kick-off-entrepreneurship-bei-gefluechteten-foerdern\/\",\"name\":\"MAGNET Projekt Kick-Off: Entrepreneurship bei Gefl\u00fcchteten f\u00f6rdern - Isabell&#039;s EdTech Insights\",\"isPartOf\":{\"@id\":\"https:\/\/www.isabellgru.eu\/#website\"},\"datePublished\":\"2017-10-12T14:08:07+00:00\",\"dateModified\":\"2024-04-24T15:53:09+00:00\",\"author\":{\"@id\":\"https:\/\/www.isabellgru.eu\/#\/schema\/person\/eb9299ffaaad5ec06d3440532bee93b5\"},\"description\":\"Das EU-Projekt MAGNET ist gestartet - dabei geht es darum, wie Unternehmertum bei Gefl\u00fcchteten durch gezielte Schulungen von TrainerInnen zu f\u00f6rdern!\",\"breadcrumb\":{\"@id\":\"https:\/\/www.isabellgru.eu\/index.php\/2017\/10\/12\/magnet-projekt-kick-off-entrepreneurship-bei-gefluechteten-foerdern\/#breadcrumb\"},\"inLanguage\":\"en-US\",\"potentialAction\":[{\"@type\":\"ReadAction\",\"target\":[\"https:\/\/www.isabellgru.eu\/index.php\/2017\/10\/12\/magnet-projekt-kick-off-entrepreneurship-bei-gefluechteten-foerdern\/\"]}]},{\"@type\":\"BreadcrumbList\",\"@id\":\"https:\/\/www.isabellgru.eu\/index.php\/2017\/10\/12\/magnet-projekt-kick-off-entrepreneurship-bei-gefluechteten-foerdern\/#breadcrumb\",\"itemListElement\":[{\"@type\":\"ListItem\",\"position\":1,\"name\":\"Startseite\",\"item\":\"https:\/\/www.isabellgru.eu\/\"},{\"@type\":\"ListItem\",\"position\":2,\"name\":\"MAGNET Projekt Kick-Off: Entrepreneurship bei Gefl\u00fcchteten f\u00f6rdern\"}]},{\"@type\":\"WebSite\",\"@id\":\"https:\/\/www.isabellgru.eu\/#website\",\"url\":\"https:\/\/www.isabellgru.eu\/\",\"name\":\"Isabell Goes Edu-Tech\",\"description\":\"Exploring AI and the Future of Education\",\"potentialAction\":[{\"@type\":\"SearchAction\",\"target\":{\"@type\":\"EntryPoint\",\"urlTemplate\":\"https:\/\/www.isabellgru.eu\/?s={search_term_string}\"},\"query-input\":\"required name=search_term_string\"}],\"inLanguage\":\"en-US\"},{\"@type\":\"Person\",\"@id\":\"https:\/\/www.isabellgru.eu\/#\/schema\/person\/eb9299ffaaad5ec06d3440532bee93b5\",\"name\":\"Isabell Grundschober\",\"image\":{\"@type\":\"ImageObject\",\"inLanguage\":\"en-US\",\"@id\":\"https:\/\/www.isabellgru.eu\/#\/schema\/person\/image\/\",\"url\":\"https:\/\/secure.gravatar.com\/avatar\/aabe5b13b2fb091ca38afa6e1a07a3419ebabe1f479556adf81ef39a375da8dd?s=96&d=mm&r=g\",\"contentUrl\":\"https:\/\/secure.gravatar.com\/avatar\/aabe5b13b2fb091ca38afa6e1a07a3419ebabe1f479556adf81ef39a375da8dd?s=96&d=mm&r=g\",\"caption\":\"Isabell Grundschober\"}}]}<\/script>\n<!-- \/ Yoast SEO plugin. -->","yoast_head_json":{"title":"MAGNET Projekt Kick-Off: Entrepreneurship bei Gefl\u00fcchteten f\u00f6rdern - Isabell&#039;s EdTech Insights","description":"Das EU-Projekt MAGNET ist gestartet - dabei geht es darum, wie Unternehmertum bei Gefl\u00fcchteten durch gezielte Schulungen von TrainerInnen zu f\u00f6rdern!","robots":{"index":"index","follow":"follow","max-snippet":"max-snippet:-1","max-image-preview":"max-image-preview:large","max-video-preview":"max-video-preview:-1"},"canonical":"https:\/\/www.isabellgru.eu\/index.php\/2017\/10\/12\/magnet-projekt-kick-off-entrepreneurship-bei-gefluechteten-foerdern\/","og_locale":"en_US","og_type":"article","og_title":"MAGNET Projekt Kick-Off: Entrepreneurship bei Gefl\u00fcchteten f\u00f6rdern - Isabell&#039;s EdTech Insights","og_description":"Das EU-Projekt MAGNET ist gestartet - dabei geht es darum, wie Unternehmertum bei Gefl\u00fcchteten durch gezielte Schulungen von TrainerInnen zu f\u00f6rdern!","og_url":"https:\/\/www.isabellgru.eu\/index.php\/2017\/10\/12\/magnet-projekt-kick-off-entrepreneurship-bei-gefluechteten-foerdern\/","og_site_name":"Isabell&#039;s EdTech Insights","article_publisher":"https:\/\/www.facebook.com\/isabell.gru","article_published_time":"2017-10-12T14:08:07+00:00","article_modified_time":"2024-04-24T15:53:09+00:00","og_image":[{"width":960,"height":640,"url":"http:\/\/www.isabellgru.eu\/wp-content\/uploads\/2017\/10\/stickies-2771786_960_720.jpg","type":"image\/jpeg"}],"author":"Isabell Grundschober","twitter_card":"summary_large_image","twitter_creator":"@isabellgru","twitter_site":"@isabellgru","twitter_misc":{"Written by":"Isabell Grundschober","Est. reading time":"2 minutes"},"schema":{"@context":"https:\/\/schema.org","@graph":[{"@type":"WebPage","@id":"https:\/\/www.isabellgru.eu\/index.php\/2017\/10\/12\/magnet-projekt-kick-off-entrepreneurship-bei-gefluechteten-foerdern\/","url":"https:\/\/www.isabellgru.eu\/index.php\/2017\/10\/12\/magnet-projekt-kick-off-entrepreneurship-bei-gefluechteten-foerdern\/","name":"MAGNET Projekt Kick-Off: Entrepreneurship bei Gefl\u00fcchteten f\u00f6rdern - Isabell&#039;s EdTech Insights","isPartOf":{"@id":"https:\/\/www.isabellgru.eu\/#website"},"datePublished":"2017-10-12T14:08:07+00:00","dateModified":"2024-04-24T15:53:09+00:00","author":{"@id":"https:\/\/www.isabellgru.eu\/#\/schema\/person\/eb9299ffaaad5ec06d3440532bee93b5"},"description":"Das EU-Projekt MAGNET ist gestartet - dabei geht es darum, wie Unternehmertum bei Gefl\u00fcchteten durch gezielte Schulungen von TrainerInnen zu f\u00f6rdern!","breadcrumb":{"@id":"https:\/\/www.isabellgru.eu\/index.php\/2017\/10\/12\/magnet-projekt-kick-off-entrepreneurship-bei-gefluechteten-foerdern\/#breadcrumb"},"inLanguage":"en-US","potentialAction":[{"@type":"ReadAction","target":["https:\/\/www.isabellgru.eu\/index.php\/2017\/10\/12\/magnet-projekt-kick-off-entrepreneurship-bei-gefluechteten-foerdern\/"]}]},{"@type":"BreadcrumbList","@id":"https:\/\/www.isabellgru.eu\/index.php\/2017\/10\/12\/magnet-projekt-kick-off-entrepreneurship-bei-gefluechteten-foerdern\/#breadcrumb","itemListElement":[{"@type":"ListItem","position":1,"name":"Startseite","item":"https:\/\/www.isabellgru.eu\/"},{"@type":"ListItem","position":2,"name":"MAGNET Projekt Kick-Off: Entrepreneurship bei Gefl\u00fcchteten f\u00f6rdern"}]},{"@type":"WebSite","@id":"https:\/\/www.isabellgru.eu\/#website","url":"https:\/\/www.isabellgru.eu\/","name":"Isabell Goes Edu-Tech","description":"Exploring AI and the Future of Education","potentialAction":[{"@type":"SearchAction","target":{"@type":"EntryPoint","urlTemplate":"https:\/\/www.isabellgru.eu\/?s={search_term_string}"},"query-input":"required name=search_term_string"}],"inLanguage":"en-US"},{"@type":"Person","@id":"https:\/\/www.isabellgru.eu\/#\/schema\/person\/eb9299ffaaad5ec06d3440532bee93b5","name":"Isabell Grundschober","image":{"@type":"ImageObject","inLanguage":"en-US","@id":"https:\/\/www.isabellgru.eu\/#\/schema\/person\/image\/","url":"https:\/\/secure.gravatar.com\/avatar\/aabe5b13b2fb091ca38afa6e1a07a3419ebabe1f479556adf81ef39a375da8dd?s=96&d=mm&r=g","contentUrl":"https:\/\/secure.gravatar.com\/avatar\/aabe5b13b2fb091ca38afa6e1a07a3419ebabe1f479556adf81ef39a375da8dd?s=96&d=mm&r=g","caption":"Isabell Grundschober"}}]}},"jetpack_featured_media_url":"https:\/\/www.isabellgru.eu\/wp-content\/uploads\/2017\/10\/stickies-2771786_960_720.jpg","jetpack_sharing_enabled":true,"jetpack_shortlink":"https:\/\/wp.me\/p7oFoB-bk","jetpack-related-posts":[],"_links":{"self":[{"href":"https:\/\/www.isabellgru.eu\/index.php\/wp-json\/wp\/v2\/posts\/702","targetHints":{"allow":["GET"]}}],"collection":[{"href":"https:\/\/www.isabellgru.eu\/index.php\/wp-json\/wp\/v2\/posts"}],"about":[{"href":"https:\/\/www.isabellgru.eu\/index.php\/wp-json\/wp\/v2\/types\/post"}],"author":[{"embeddable":true,"href":"https:\/\/www.isabellgru.eu\/index.php\/wp-json\/wp\/v2\/users\/3"}],"replies":[{"embeddable":true,"href":"https:\/\/www.isabellgru.eu\/index.php\/wp-json\/wp\/v2\/comments?post=702"}],"version-history":[{"count":4,"href":"https:\/\/www.isabellgru.eu\/index.php\/wp-json\/wp\/v2\/posts\/702\/revisions"}],"predecessor-version":[{"id":896,"href":"https:\/\/www.isabellgru.eu\/index.php\/wp-json\/wp\/v2\/posts\/702\/revisions\/896"}],"wp:featuredmedia":[{"embeddable":true,"href":"https:\/\/www.isabellgru.eu\/index.php\/wp-json\/wp\/v2\/media\/703"}],"wp:attachment":[{"href":"https:\/\/www.isabellgru.eu\/index.php\/wp-json\/wp\/v2\/media?parent=702"}],"wp:term":[{"taxonomy":"category","embeddable":true,"href":"https:\/\/www.isabellgru.eu\/index.php\/wp-json\/wp\/v2\/categories?post=702"},{"taxonomy":"post_tag","embeddable":true,"href":"https:\/\/www.isabellgru.eu\/index.php\/wp-json\/wp\/v2\/tags?post=702"}],"curies":[{"name":"wp","href":"https:\/\/api.w.org\/{rel}","templated":true}]}}