{"id":879,"date":"2018-04-05T17:19:21","date_gmt":"2018-04-05T15:19:21","guid":{"rendered":"http:\/\/imbstudent.donau-uni.ac.at\/isabellgru\/?p=879"},"modified":"2018-06-14T14:39:07","modified_gmt":"2018-06-14T12:39:07","slug":"paedagogische-muster-fuer-formatives-feedback-mein-edudays-vortrag","status":"publish","type":"post","link":"https:\/\/www.isabellgru.eu\/index.php\/2018\/04\/05\/paedagogische-muster-fuer-formatives-feedback-mein-edudays-vortrag\/","title":{"rendered":"P\u00e4dagogische Muster f\u00fcr formatives Feedback &#8211; mein Edudays Vortrag"},"content":{"rendered":"<p>Am 4. und 5.4.2018 waren wieder die Edudays an der Donau-Uni Krems und ich habe dort \u00fcber p\u00e4dagogische Muster gesprochen. War eine tolle Konferenz und es war echt sch\u00f6n so viele bekannte Gesichter zu sehen und gemeinsam zur Konferenz zu tweeten (#Edudays).<\/p>\n<div id=\"attachment_882\" style=\"width: 310px\" class=\"wp-caption alignleft\"><a href=\"http:\/\/imbstudent.donau-uni.ac.at\/isabellgru\/index.php\/2018\/04\/05\/paedagogische-muster-fuer-formatives-feedback-mein-edudays-vortrag\/27375174168_603905b976_o\/\" rel=\"attachment wp-att-882\"><img loading=\"lazy\" decoding=\"async\" aria-describedby=\"caption-attachment-882\" class=\"wp-image-882 size-medium\" src=\"http:\/\/imbstudent.donau-uni.ac.at\/isabellgru\/wp-content\/uploads\/2018\/04\/27375174168_603905b976_o-300x200.jpg\" alt=\"Muster for formatives Feedback\" width=\"300\" height=\"200\" srcset=\"https:\/\/www.isabellgru.eu\/wp-content\/uploads\/2018\/04\/27375174168_603905b976_o-300x200.jpg 300w, https:\/\/www.isabellgru.eu\/wp-content\/uploads\/2018\/04\/27375174168_603905b976_o-768x512.jpg 768w, https:\/\/www.isabellgru.eu\/wp-content\/uploads\/2018\/04\/27375174168_603905b976_o-1024x683.jpg 1024w\" sizes=\"auto, (max-width: 300px) 100vw, 300px\" \/><\/a><p id=\"caption-attachment-882\" class=\"wp-caption-text\">Beim Edudays Vortrag f\u00fcr Muster f\u00fcr formatives Feedback &#8211; Vielen Dank an Walter Fikisz f\u00fcr die Fotos, <a href=\"https:\/\/www.flickr.com\/photos\/145828578@N03\/sets\/72157692170858822\/with\/41249296741\/\">hier gibt es alle Fotos<\/a> von den Edudays<\/p><\/div>\n<p>Ich durfte am 4.4. einen Vortrag zu meiner Mustersammlung f\u00fcr ATS2020 sprechen &#8211; dabei soll formatives Feedback gef\u00f6rdert werden, also Feedback, das w\u00e4hrend des Lernprozesses gegeben wird um damit das Lernen zu f\u00f6rdern und die Erreichung der angestrebten oder auch weiterer, unbeabsichtigter Lernergebnisse, zu unterst\u00fctzen. Ich habe mich dabei am ATS2020 Lernmodell orientiert.<\/p>\n<p>Ich habe dabei viel dar\u00fcber gesprochen, wie ich zur Mustersammlung gekommen bin, dass sie auf dem ATS2020 Lernmodell beruht, wie ich die bestehenden Muster ausgew\u00e4hlt habe, welche Kategorisierung sich herausgebildet hat und wie ich die Muster miteinander verbunden habe &#8211; wodurch am Schluss die Concept Map entstanden ist. Meine Lessons Learned sind, dass ich das n\u00e4chste Mal eher in Richtung Storytelling gehe anstatt die Concept Map als solche zu erkl\u00e4ren. Ich w\u00fcrde auch den ganzen Prozess, wie ich zur <a href=\"http:\/\/imb.donau-uni.ac.at\/ats2020patterns\/\">Mustersammlung<\/a> gekommen bin, aussparen, vor allem, wenn ich anwendungsorientiert \u00fcber die Muster sprechen will. Wahrscheinlich ist es nicht einmal n\u00f6tig lange dar\u00fcber zu sprechen, was Muster in der Theorie sind, sondern einfach ein Muster konkret nehmen und diese besprechen. Eine Art Workshop w\u00e4re als Format wom\u00f6glich besser geeignet als ein Vortrags-Setting. Ich bin jedenfalls f\u00fcr das konstruktive Feedback nach dem Vortrag dankbar &lt;3 eine tolle Community bei den edudays!<\/p>\n<p>Jedenfalls sind hier nun meine Folien, um einen \u00dcberblick \u00fcber den #Edudays Vortrag zu bekommen &#8211; bzw hier ist der Link zu der Mustersammlung online:\u00a0<a href=\"http:\/\/imb.donau-uni.ac.at\/ats2020patterns\/\">http:\/\/imb.donau-uni.ac.at\/ats2020patterns\/<\/a><\/p>\n<p><iframe loading=\"lazy\" style=\"border: 1px solid #CCC; border-width: 1px; margin-bottom: 5px; max-width: 100%;\" src=\"\/\/www.slideshare.net\/slideshow\/embed_code\/key\/J86UA0aVFEDDlb\" width=\"595\" height=\"485\" frameborder=\"0\" marginwidth=\"0\" marginheight=\"0\" scrolling=\"no\" allowfullscreen=\"allowfullscreen\"> <\/iframe><\/p>\n<div style=\"margin-bottom: 5px;\"><strong> <a title=\"Formatives Feedback im Unterricht: P\u00e4dagogische Muster nutzen\" href=\"\/\/www.slideshare.net\/IsabellGrundschober\/formatives-feedback-im-unterricht-pdagogische-muster-nutzen\" target=\"_blank\" rel=\"noopener\">Formatives Feedback im Unterricht: P\u00e4dagogische Muster nutzen<\/a> <\/strong> von <strong><a href=\"https:\/\/www.slideshare.net\/IsabellGrundschober\" target=\"_blank\" rel=\"noopener\">Isabell Grundschober<\/a><\/strong><\/div>\n<div><\/div>\n<h2>Mehr \u00fcber die Mustersammlung<\/h2>\n<p>Ich habe im Blogpost auch an anderen Stellen schon \u00fcber die Mustersammlung berichtet:<\/p>\n<ul>\n<li><a href=\"http:\/\/imbstudent.donau-uni.ac.at\/isabellgru\/index.php\/2018\/02\/16\/teaser-fuer-die-edudays-2018-mein-erstes-explainer-video\/\">Teaser f\u00fcr die Edudays 2018: Explainer-Video zu ATS2020<\/a><\/li>\n<li><a href=\"http:\/\/imbstudent.donau-uni.ac.at\/isabellgru\/index.php\/2017\/10\/20\/patterns-for-formative-assessment-patterns-for-ats2020\/\">Patterns for formative Assessment &#8211; Patterns for ATS2020<\/a><\/li>\n<li><a href=\"http:\/\/imbstudent.donau-uni.ac.at\/isabellgru\/index.php\/2017\/11\/09\/pattern-collection-for-formative-assessment-went-online\/\">Pattern Collection for formative Assessment went online!<\/a><\/li>\n<li><a href=\"http:\/\/imbstudent.donau-uni.ac.at\/isabellgru\/index.php\/2016\/10\/24\/elearning-experts-conference-2016-feedback-patterns\/\">eLearning Experts Conference 2016: Feedback Patterns<\/a><\/li>\n<li><a href=\"http:\/\/imbstudent.donau-uni.ac.at\/isabellgru\/index.php\/2017\/03\/12\/ats2020-faecheruebergreifende-faehigkeiten-foerdern-und-bewerten\/\">ATS2020: F\u00e4cher\u00fcbergreifende F\u00e4higkeiten f\u00f6rdern und bewerten<\/a><\/li>\n<\/ul>\n<p>Dar\u00fcber hinaus habe ich folgende Blogposts zum Thema Muster und Mustersprachen generell geschrieben:<\/p>\n<ul>\n<li><a href=\"http:\/\/imbstudent.donau-uni.ac.at\/isabellgru\/index.php\/2017\/03\/25\/wissensmanagement-durch-mustersprachen\/\">Wissensmanagement durch Mustersprachen<\/a><\/li>\n<li><a href=\"http:\/\/imbstudent.donau-uni.ac.at\/isabellgru\/index.php\/2017\/07\/01\/finding-patterns-pattern-mining\/\">Finding Patterns: Pattern Mining<\/a><\/li>\n<li><a href=\"http:\/\/imbstudent.donau-uni.ac.at\/isabellgru\/index.php\/2016\/09\/29\/submitting-for-puarl\/\">Submitting for the PUARL Conference<\/a><\/li>\n<\/ul>\n<h2 style=\"margin-bottom: 5px;\">Tweet-Sammlung zum Vortrag<\/h2>\n<p>Vielen Dank dank die ganzen Tweeter bei den #Edudays, die zu meinem Vortrag getweetet haben &#8211; ein keine kleine Sammlung:<\/p>\n<p><a class=\"twitter-moment\" href=\"https:\/\/twitter.com\/i\/moments\/981873998777733120?ref_src=twsrc%5Etfw\">EduPatterns f\u00fcr formatives Feedback\/ EduDays 2018<\/a> <script async src=\"https:\/\/platform.twitter.com\/widgets.js\" charset=\"utf-8\"><\/script><\/p>\n<p>&nbsp;<\/p>\n","protected":false},"excerpt":{"rendered":"<p>Am 4. und 5.4.2018 waren wieder die Edudays an der Donau-Uni Krems und ich habe dort \u00fcber p\u00e4dagogische Muster gesprochen. War eine tolle Konferenz und es war echt sch\u00f6n so viele bekannte Gesichter zu&#46;&#46;&#46;<\/p>\n","protected":false},"author":3,"featured_media":880,"comment_status":"open","ping_status":"open","sticky":false,"template":"","format":"standard","meta":{"jetpack_post_was_ever_published":false,"_jetpack_newsletter_access":"","_jetpack_dont_email_post_to_subs":false,"_jetpack_newsletter_tier_id":0,"footnotes":"","jetpack_publicize_message":"","jetpack_publicize_feature_enabled":true,"jetpack_social_post_already_shared":true,"jetpack_social_options":{"image_generator_settings":{"template":"highway","enabled":false}}},"categories":[178,53,52,60,179,50,83],"tags":[73,75,163,162,157,74],"class_list":["post-879","post","type-post","status-publish","format-standard","has-post-thumbnail","hentry","category-ats2020","category-conferences","category-eportfolio","category-german","category-instructional-design","category-patterns","category-projects","tag-ats2020","tag-feedback","tag-formatives-feedback","tag-muster","tag-paedagogische-muster","tag-patterns"],"jetpack_publicize_connections":[],"yoast_head":"<!-- This site is optimized with the Yoast SEO plugin v22.1 - https:\/\/yoast.com\/wordpress\/plugins\/seo\/ -->\n<title>P\u00e4dagogische Muster f\u00fcr formatives Feedback - mein Edudays Vortrag - Isabell&#039;s EdTech Insights<\/title>\n<meta name=\"robots\" content=\"index, follow, max-snippet:-1, max-image-preview:large, max-video-preview:-1\" \/>\n<link rel=\"canonical\" href=\"https:\/\/www.isabellgru.eu\/index.php\/2018\/04\/05\/paedagogische-muster-fuer-formatives-feedback-mein-edudays-vortrag\/\" \/>\n<meta property=\"og:locale\" content=\"en_US\" \/>\n<meta property=\"og:type\" content=\"article\" \/>\n<meta property=\"og:title\" content=\"P\u00e4dagogische Muster f\u00fcr formatives Feedback - mein Edudays Vortrag - Isabell&#039;s EdTech Insights\" \/>\n<meta property=\"og:description\" content=\"Am 4. und 5.4.2018 waren wieder die Edudays an der Donau-Uni Krems und ich habe dort \u00fcber p\u00e4dagogische Muster gesprochen. War eine tolle Konferenz und es war echt sch\u00f6n so viele bekannte Gesichter zu&#046;&#046;&#046;\" \/>\n<meta property=\"og:url\" content=\"https:\/\/www.isabellgru.eu\/index.php\/2018\/04\/05\/paedagogische-muster-fuer-formatives-feedback-mein-edudays-vortrag\/\" \/>\n<meta property=\"og:site_name\" content=\"Isabell&#039;s EdTech Insights\" \/>\n<meta property=\"article:publisher\" content=\"https:\/\/www.facebook.com\/isabell.gru\" \/>\n<meta property=\"article:published_time\" content=\"2018-04-05T15:19:21+00:00\" \/>\n<meta property=\"article:modified_time\" content=\"2018-06-14T12:39:07+00:00\" \/>\n<meta property=\"og:image\" content=\"https:\/\/www.isabellgru.eu\/wp-content\/uploads\/2018\/04\/29598001_1766660483355170_8435388992262420408_n.jpg\" \/>\n\t<meta property=\"og:image:width\" content=\"960\" \/>\n\t<meta property=\"og:image:height\" content=\"720\" \/>\n\t<meta property=\"og:image:type\" content=\"image\/jpeg\" \/>\n<meta name=\"author\" content=\"Isabell Grundschober\" \/>\n<meta name=\"twitter:card\" content=\"summary_large_image\" \/>\n<meta name=\"twitter:creator\" content=\"@isabellgru\" \/>\n<meta name=\"twitter:site\" content=\"@isabellgru\" \/>\n<meta name=\"twitter:label1\" content=\"Written by\" \/>\n\t<meta name=\"twitter:data1\" content=\"Isabell Grundschober\" \/>\n\t<meta name=\"twitter:label2\" content=\"Est. reading time\" \/>\n\t<meta name=\"twitter:data2\" content=\"2 minutes\" \/>\n<script type=\"application\/ld+json\" class=\"yoast-schema-graph\">{\"@context\":\"https:\/\/schema.org\",\"@graph\":[{\"@type\":\"WebPage\",\"@id\":\"https:\/\/www.isabellgru.eu\/index.php\/2018\/04\/05\/paedagogische-muster-fuer-formatives-feedback-mein-edudays-vortrag\/\",\"url\":\"https:\/\/www.isabellgru.eu\/index.php\/2018\/04\/05\/paedagogische-muster-fuer-formatives-feedback-mein-edudays-vortrag\/\",\"name\":\"P\u00e4dagogische Muster f\u00fcr formatives Feedback - mein Edudays Vortrag - Isabell&#039;s EdTech Insights\",\"isPartOf\":{\"@id\":\"https:\/\/www.isabellgru.eu\/#website\"},\"datePublished\":\"2018-04-05T15:19:21+00:00\",\"dateModified\":\"2018-06-14T12:39:07+00:00\",\"author\":{\"@id\":\"https:\/\/www.isabellgru.eu\/#\/schema\/person\/eb9299ffaaad5ec06d3440532bee93b5\"},\"breadcrumb\":{\"@id\":\"https:\/\/www.isabellgru.eu\/index.php\/2018\/04\/05\/paedagogische-muster-fuer-formatives-feedback-mein-edudays-vortrag\/#breadcrumb\"},\"inLanguage\":\"en-US\",\"potentialAction\":[{\"@type\":\"ReadAction\",\"target\":[\"https:\/\/www.isabellgru.eu\/index.php\/2018\/04\/05\/paedagogische-muster-fuer-formatives-feedback-mein-edudays-vortrag\/\"]}]},{\"@type\":\"BreadcrumbList\",\"@id\":\"https:\/\/www.isabellgru.eu\/index.php\/2018\/04\/05\/paedagogische-muster-fuer-formatives-feedback-mein-edudays-vortrag\/#breadcrumb\",\"itemListElement\":[{\"@type\":\"ListItem\",\"position\":1,\"name\":\"Startseite\",\"item\":\"https:\/\/www.isabellgru.eu\/\"},{\"@type\":\"ListItem\",\"position\":2,\"name\":\"P\u00e4dagogische Muster f\u00fcr formatives Feedback &#8211; mein Edudays Vortrag\"}]},{\"@type\":\"WebSite\",\"@id\":\"https:\/\/www.isabellgru.eu\/#website\",\"url\":\"https:\/\/www.isabellgru.eu\/\",\"name\":\"Isabell Goes Edu-Tech\",\"description\":\"Exploring AI and the Future of Education\",\"potentialAction\":[{\"@type\":\"SearchAction\",\"target\":{\"@type\":\"EntryPoint\",\"urlTemplate\":\"https:\/\/www.isabellgru.eu\/?s={search_term_string}\"},\"query-input\":\"required name=search_term_string\"}],\"inLanguage\":\"en-US\"},{\"@type\":\"Person\",\"@id\":\"https:\/\/www.isabellgru.eu\/#\/schema\/person\/eb9299ffaaad5ec06d3440532bee93b5\",\"name\":\"Isabell Grundschober\",\"image\":{\"@type\":\"ImageObject\",\"inLanguage\":\"en-US\",\"@id\":\"https:\/\/www.isabellgru.eu\/#\/schema\/person\/image\/\",\"url\":\"https:\/\/secure.gravatar.com\/avatar\/aabe5b13b2fb091ca38afa6e1a07a3419ebabe1f479556adf81ef39a375da8dd?s=96&d=mm&r=g\",\"contentUrl\":\"https:\/\/secure.gravatar.com\/avatar\/aabe5b13b2fb091ca38afa6e1a07a3419ebabe1f479556adf81ef39a375da8dd?s=96&d=mm&r=g\",\"caption\":\"Isabell Grundschober\"}}]}<\/script>\n<!-- \/ Yoast SEO plugin. -->","yoast_head_json":{"title":"P\u00e4dagogische Muster f\u00fcr formatives Feedback - mein Edudays Vortrag - Isabell&#039;s EdTech Insights","robots":{"index":"index","follow":"follow","max-snippet":"max-snippet:-1","max-image-preview":"max-image-preview:large","max-video-preview":"max-video-preview:-1"},"canonical":"https:\/\/www.isabellgru.eu\/index.php\/2018\/04\/05\/paedagogische-muster-fuer-formatives-feedback-mein-edudays-vortrag\/","og_locale":"en_US","og_type":"article","og_title":"P\u00e4dagogische Muster f\u00fcr formatives Feedback - mein Edudays Vortrag - Isabell&#039;s EdTech Insights","og_description":"Am 4. und 5.4.2018 waren wieder die Edudays an der Donau-Uni Krems und ich habe dort \u00fcber p\u00e4dagogische Muster gesprochen. War eine tolle Konferenz und es war echt sch\u00f6n so viele bekannte Gesichter zu&#46;&#46;&#46;","og_url":"https:\/\/www.isabellgru.eu\/index.php\/2018\/04\/05\/paedagogische-muster-fuer-formatives-feedback-mein-edudays-vortrag\/","og_site_name":"Isabell&#039;s EdTech Insights","article_publisher":"https:\/\/www.facebook.com\/isabell.gru","article_published_time":"2018-04-05T15:19:21+00:00","article_modified_time":"2018-06-14T12:39:07+00:00","og_image":[{"width":960,"height":720,"url":"https:\/\/www.isabellgru.eu\/wp-content\/uploads\/2018\/04\/29598001_1766660483355170_8435388992262420408_n.jpg","type":"image\/jpeg"}],"author":"Isabell Grundschober","twitter_card":"summary_large_image","twitter_creator":"@isabellgru","twitter_site":"@isabellgru","twitter_misc":{"Written by":"Isabell Grundschober","Est. reading time":"2 minutes"},"schema":{"@context":"https:\/\/schema.org","@graph":[{"@type":"WebPage","@id":"https:\/\/www.isabellgru.eu\/index.php\/2018\/04\/05\/paedagogische-muster-fuer-formatives-feedback-mein-edudays-vortrag\/","url":"https:\/\/www.isabellgru.eu\/index.php\/2018\/04\/05\/paedagogische-muster-fuer-formatives-feedback-mein-edudays-vortrag\/","name":"P\u00e4dagogische Muster f\u00fcr formatives Feedback - mein Edudays Vortrag - Isabell&#039;s EdTech Insights","isPartOf":{"@id":"https:\/\/www.isabellgru.eu\/#website"},"datePublished":"2018-04-05T15:19:21+00:00","dateModified":"2018-06-14T12:39:07+00:00","author":{"@id":"https:\/\/www.isabellgru.eu\/#\/schema\/person\/eb9299ffaaad5ec06d3440532bee93b5"},"breadcrumb":{"@id":"https:\/\/www.isabellgru.eu\/index.php\/2018\/04\/05\/paedagogische-muster-fuer-formatives-feedback-mein-edudays-vortrag\/#breadcrumb"},"inLanguage":"en-US","potentialAction":[{"@type":"ReadAction","target":["https:\/\/www.isabellgru.eu\/index.php\/2018\/04\/05\/paedagogische-muster-fuer-formatives-feedback-mein-edudays-vortrag\/"]}]},{"@type":"BreadcrumbList","@id":"https:\/\/www.isabellgru.eu\/index.php\/2018\/04\/05\/paedagogische-muster-fuer-formatives-feedback-mein-edudays-vortrag\/#breadcrumb","itemListElement":[{"@type":"ListItem","position":1,"name":"Startseite","item":"https:\/\/www.isabellgru.eu\/"},{"@type":"ListItem","position":2,"name":"P\u00e4dagogische Muster f\u00fcr formatives Feedback &#8211; mein Edudays Vortrag"}]},{"@type":"WebSite","@id":"https:\/\/www.isabellgru.eu\/#website","url":"https:\/\/www.isabellgru.eu\/","name":"Isabell Goes Edu-Tech","description":"Exploring AI and the Future of Education","potentialAction":[{"@type":"SearchAction","target":{"@type":"EntryPoint","urlTemplate":"https:\/\/www.isabellgru.eu\/?s={search_term_string}"},"query-input":"required name=search_term_string"}],"inLanguage":"en-US"},{"@type":"Person","@id":"https:\/\/www.isabellgru.eu\/#\/schema\/person\/eb9299ffaaad5ec06d3440532bee93b5","name":"Isabell Grundschober","image":{"@type":"ImageObject","inLanguage":"en-US","@id":"https:\/\/www.isabellgru.eu\/#\/schema\/person\/image\/","url":"https:\/\/secure.gravatar.com\/avatar\/aabe5b13b2fb091ca38afa6e1a07a3419ebabe1f479556adf81ef39a375da8dd?s=96&d=mm&r=g","contentUrl":"https:\/\/secure.gravatar.com\/avatar\/aabe5b13b2fb091ca38afa6e1a07a3419ebabe1f479556adf81ef39a375da8dd?s=96&d=mm&r=g","caption":"Isabell Grundschober"}}]}},"jetpack_featured_media_url":"https:\/\/www.isabellgru.eu\/wp-content\/uploads\/2018\/04\/29598001_1766660483355170_8435388992262420408_n.jpg","jetpack_sharing_enabled":true,"jetpack_shortlink":"https:\/\/wp.me\/p7oFoB-eb","jetpack-related-posts":[],"_links":{"self":[{"href":"https:\/\/www.isabellgru.eu\/index.php\/wp-json\/wp\/v2\/posts\/879","targetHints":{"allow":["GET"]}}],"collection":[{"href":"https:\/\/www.isabellgru.eu\/index.php\/wp-json\/wp\/v2\/posts"}],"about":[{"href":"https:\/\/www.isabellgru.eu\/index.php\/wp-json\/wp\/v2\/types\/post"}],"author":[{"embeddable":true,"href":"https:\/\/www.isabellgru.eu\/index.php\/wp-json\/wp\/v2\/users\/3"}],"replies":[{"embeddable":true,"href":"https:\/\/www.isabellgru.eu\/index.php\/wp-json\/wp\/v2\/comments?post=879"}],"version-history":[{"count":7,"href":"https:\/\/www.isabellgru.eu\/index.php\/wp-json\/wp\/v2\/posts\/879\/revisions"}],"predecessor-version":[{"id":890,"href":"https:\/\/www.isabellgru.eu\/index.php\/wp-json\/wp\/v2\/posts\/879\/revisions\/890"}],"wp:featuredmedia":[{"embeddable":true,"href":"https:\/\/www.isabellgru.eu\/index.php\/wp-json\/wp\/v2\/media\/880"}],"wp:attachment":[{"href":"https:\/\/www.isabellgru.eu\/index.php\/wp-json\/wp\/v2\/media?parent=879"}],"wp:term":[{"taxonomy":"category","embeddable":true,"href":"https:\/\/www.isabellgru.eu\/index.php\/wp-json\/wp\/v2\/categories?post=879"},{"taxonomy":"post_tag","embeddable":true,"href":"https:\/\/www.isabellgru.eu\/index.php\/wp-json\/wp\/v2\/tags?post=879"}],"curies":[{"name":"wp","href":"https:\/\/api.w.org\/{rel}","templated":true}]}}